{"id":16324,"date":"2025-02-07T10:58:32","date_gmt":"2025-02-07T08:58:32","guid":{"rendered":"https:\/\/via3l.eu\/?p=16324"},"modified":"2025-12-04T12:32:46","modified_gmt":"2025-12-04T10:32:46","slug":"via-3l-balti-keskladu-energiapark-taastuvenergia-energiajulgeolek","status":"publish","type":"post","link":"https:\/\/via3l.eu\/et\/2025\/02\/07\/via-3l-balti-keskladu-energiapark-taastuvenergia-energiajulgeolek\/","title":{"rendered":"Via 3L Balti keskladu avas salvestusseadmega taastuvenergia pargi ja parandas energiajulgeolekut"},"content":{"rendered":"<div class=\"wpb-content-wrapper\"><p>[vc_row][vc_column][vc_column_text css=&#8221;&#8221;]Via 3L O\u00dc sai oma Harjumaal Lagedil asuvas logistikakompleksis valmis suure taastuvenergiaprojekti, mille l\u00e4bi v\u00e4heneb ettev\u00f5tte kogu keskkonnajalaj\u00e4lg \u00fcle 20%-i. Logistikakompleksi enda jalaj\u00e4lg v\u00e4heneb \u00fcle 60%-i. Samuti on tagatud kogu logistikakeskuse energiajulgeolek. Loe ka <a href=\"https:\/\/via3l.eu\/et\/2025\/12\/04\/aasta-logistikategu-on-via-3l-saartalitusvoime-projekt-rohelise-energia-tulevik\/\">Aasta logistikategu 2025<\/a><\/p>\n<p>Autonoomne energiapark, mis koosneb <strong>1280 p\u00e4ikesepaneelist (koguv\u00f5imsusega \u00fcle 627 kWp)<\/strong> ja <strong>2,15 MWh mahutavusega akupangast <\/strong>v\u00f5imaldab suurel logistikakeskusel voolukatkestuse korral muretult vastu pidada v\u00e4hemalt \u00f6\u00f6p\u00e4eva, p\u00e4ikeselisel ajal isegi mitmeid p\u00e4evi.<\/p>\n<p>Lisaks annab salvesti p\u00e4ikesevaesetel p\u00e4evadel v\u00f5imaluse osta elektrienergiat v\u00f5rgust soodsa hinnaga perioodidel ning kasutada soodsat elektrit kogu p\u00e4eva jooksul ilma turult kallimat elektrit ostmata. See omakorda t\u00e4hendab, et tagatud on hinnastabiilsus ning teenuse kulubaas p\u00fcsib muutumatuna ning p\u00e4eva l\u00f5puks on tagatud stabiilne teenuse hind ja kvaliteet Via 3L-i partneritele.<\/p>\n<h2>Projekti viis tehniliselt l\u00e4bi <a href=\"https:\/\/energiapartner.ee\/\" target=\"_blank\" rel=\"noopener noreferrer nofollow\"><strong>Energiapartner O\u00dc<\/strong><\/a>, kes tarnis Via 3L-ile n\u00f6 \u201ev\u00f5tmed k\u00e4tte\u201c lahenduse alates projekteerimisest kuni paigalduseni.<\/h2>\n<p>Via 3L O\u00dc tegevjuhi Urmas Uudemetsa s\u00f5nul annab p\u00e4ikesepaneelide ja salvesti kombinatsioon ettev\u00f5ttele v\u00f5imaluse ise toota ja \u00e4ra kasutada \u00fcle 65%-i kogu logistikakeskuse tarbeks vaja minevast elektrienergiast, mis \u00fchelt poolt v\u00e4hendab tugevalt kogu ettev\u00f5tte keskkonnajalaj\u00e4lge, teiselt poolt annab v\u00f5imaluse elektrienergia kulubaasi kontrollida. Samuti on mitte v\u00e4heoluline aspekt kogu lahenduse <em>off-grid<\/em> v\u00f5imekus, mis t\u00e4hendab, et juhul kui peaks tekkima elektri varustuskindlusega probleeme, siis aku mahutavus on dimensioneeritud selliselt, et kogu logistikakeskuse \u00f6\u00f6p\u00e4evane tarve on salvesti pealt kaetav ning t\u00f6\u00f6 logistikakeskuses ei seisku hetkekski. Ning juhul, kui p\u00e4evasel ajal paistab p\u00e4ike, siis saame r\u00e4\u00e4kida kompleksi saartalitlusv\u00f5imest juba p\u00e4evades, mis arvestades meie \u00e4ri ning riikliku toidujulgeoleku tagamise aspekte ei ole mitte v\u00e4het\u00e4htsad. Seda nii Via 3L-i, meie partnerite kui ka kogu riigi huvides.<\/p>\n<p>Projekt oli oma mastaabi ja keerukuse osas \u00fcks keerukamaid ja mitmek\u00fclgsemaid meie regioonis, mist\u00f5ttu v\u00f5ttis kogu projekt aega poolteist aastat alates esialgsest eskiisist kuni valmimiseni. Uudemets s\u00f5nas, et ta on v\u00e4ga rahul Energiapartneriga kogu projekti l\u00e4bi viimise osas \u2013 korduvalt tuli projekti tehnilist poolt \u00fcmber \u201ejoonistada\u201c ja uusi lahendusi leida, kuni l\u00f5pliku ideaalse lahenduseni. \u201eMeie jaoks oli oluline, et saaksime tagatud kolm kriteeriumit \u2013 varustuskindlus, maksimaalne omatarbe katmine ning talvine hinnastabiilsus\u201c \u00fctles Uudemets. \u201eK\u00f5ik need kriteeriumid meil ka tagati.\u201c Kogu lahendus toimetab t\u00e4iesti automaatselt, b\u00f6rsi-suunalist edasi-tagasi liiklust juhivad algoritmid, mis tagavad optimaalseima tulemuse, arvestades Via 3L-i turvavaru, hinnadeltat, PV-pargi tootmisv\u00f5imust ja omatarbimist.<\/p>\n<h2>Energiapartner O\u00dc: Kahepoolne professionaalne koost\u00f6\u00f6 VIA3L-ga t\u00f5i kliendile innovatiivse energialahenduse<\/h2>\n<p>Energiapartner suutis leida koos kontrolleritootja <a href=\"https:\/\/www.encombi.com\/\" target=\"_blank\" rel=\"noopener noreferrer nofollow\">ENcombi<\/a> ning bilansihalduri ja agregeerija <a href=\"https:\/\/www.scener.eu\/\" target=\"_blank\" rel=\"noopener noreferrer nofollow\">Sceneriga<\/a> kliendile sobivaima lahenduse, mis tagab:<\/p>\n<ol>\n<li>Omatarbe efektiivsemaks muutmise (peak-shaving), mille k\u00e4igus laevad akud odavat elektrienergiat v\u00f5rgust v\u00f5i s\u00e4ilitavad vajaliku aku mahutavuse PV-energiast, et seda kasutada hiljem k\u00f5rgemate hinnatippude ajal.<\/li>\n<li>Negatiivse b\u00f6rsihinna kaitse, et v\u00e4ltida omatarbest \u00fclej\u00e4\u00e4va PV-energia kahjumlikku m\u00fc\u00fcmist v\u00f5rku.<\/li>\n<li>Varustuskindluse, kus klient saab m\u00e4\u00e4rata aku mahutavuse j\u00e4\u00e4gi (SOC) voolukatkestuse ajaks.<\/li>\n<li>Tulu teenimise energiaturgudel (SPOT- ja reservturgudel), kus akuts\u00fckli otsus tehakse vastavalt k\u00f5ige kasumlikumale tehingule, v\u00e4hendades nii kogu s\u00fcsteemi tasuvusaega.<\/li>\n<\/ol>\n<p>Kogu projekt on Eesti energia julgeoleku seisukohalt \u00e4\u00e4rmiselt oluline, kuna sellel n\u00e4dalavahetuse katkestab Eesti riik koos teiste Balti riikidega p\u00fcsivalt \u00fchenduse agressorriigi Venemaa sagedusalaga, mille j\u00e4rgselt on taastuvenergia tootmisel koos salvestustehnoloogia v\u00e4ga t\u00e4htis koht stabiilise v\u00f5rgu koos hoidmisel.<\/p>\n<h2>KratTrade O\u00dc ja Scener O\u00dc: Akus\u00fcsteemid t\u00f6\u00f6stuse l\u00e4hedal tagavad varustuskindluse ja on atraktiivne investeering<\/h2>\n<p>Paindlike salvestuslahenduste olemasolu riigi elektriv\u00f5rgus muutub \u00fclioluliseks p\u00e4rast eesseisvat elektriv\u00f5rgu s\u00fcnkroniseerimist mandri-Euroopaga juba sel laup\u00e4eval. Logistikakompleksi salvesti pakub Eleringile v\u00f5imalust kasutada seda kiire reservina olukorras, kus p\u00f5hiv\u00f5rgu sageduse hoidmiseks on vaja s\u00fcsteemi kiiresti \u00fcles v\u00f5i alla koormata.<br \/>\nEnergialahenduse opereerimise eest vastutava partneri, KratTrade O\u00dc tegevjuhi Joosep Lassmanni s\u00f5nul sobib sarnane lahendus just t\u00f6\u00f6stustele v\u00f5i koostootmisjaamadele. \u201cEttev\u00f5tete puhul, kel on endal taastuvenergia tootmise v\u00f5imekus ning samas ka m\u00e4rkimisv\u00e4\u00e4rne omatarve, on selline salvestuslahendus v\u00e4gagi perspektiivikas investeering ning loodame, et Via 3L eeskujul p\u00f6\u00f6ravad nii m\u00f5nedki Eesti t\u00f6\u00f6stused pilgu t\u00f5siselt salvestamise poole. Perspektiivis v\u00f5iks sellised lahendused olla iga ettev\u00f5tte juures kus v\u00f5rguliitumine seda v\u00f5imaldab,\u201d s\u00f5nas Lassmann. \u201eKasutame s\u00fcsteemi opereerimisel turgude \u00fclest optimeerimise loogikat kus aku ja p\u00e4ikesepark osalevad erinevatel turgudel et maksimeerida kliendi vara tootlikust. T\u00e4nu koost\u00f6\u00f6le Sceneriga oleme v\u00f5imelised lisaks NordPooli turgudele pakkuma antud varasid ka reguleerimis- ja v\u00f5imsusturgudel, mis on oluline nii lisatulu kui ka Eesti energiajulgeoleku kohapealt p\u00e4rast Venemaa sagedusalast lahkumist,\u201c selgitas Lassmann.<br \/>\nKuigi tegemist oli keerulise tehnilise lahendusega kus kasutasime esmakordselt uusi tehnoloogiaid ning tarkvaralisi lahendusi, tegi projekti \u00f5nnestumise v\u00f5imalikuks kliendipoolt l\u00e4bim\u00f5eldud selged prioriteedid ning Energiapartneri tehniline valmisolek rakendada uusi tehnoloogilisi lahendusi. Tehnilise lahenduse poolelt kasutasime p\u00f5hjamaades v\u00e4ljat\u00f6\u00f6tatud ENcombi kontrollerit mis v\u00f5imaldab akuparki, p\u00e4ikest ja tulevikus ka tootmisv\u00f5imsusi juhtida nii et see minimeerib kliendi kogu energiakulu.<\/p>\n<p>Loe lisaks: <a href=\"https:\/\/www.logistikauudised.ee\/uudised\/2025\/02\/06\/oopaev-ilma-vorguvooluta-via-3l-avas-salvestusseadmega-taastuvenergia-pargi\" target=\"_blank\" rel=\"noopener noreferrer nofollow\">https:\/\/www.logistikauudised.ee\/uudised\/2025\/02\/06\/oopaev-ilma-vorguvooluta-via-3l-avas-salvestusseadmega-taastuvenergia-pargi<\/a><\/p>\n<figure id=\"attachment_16332\" aria-describedby=\"caption-attachment-16332\" style=\"width: 1024px\" class=\"wp-caption alignleft\"><a href=\"https:\/\/via3l.eu\/et\/2025\/02\/07\/via-3l-balti-keskladu-avas-salvestusseadmega-taastuvenergia-pargi-ja-parandas-energiajulgeolekut\/via3l-salvestusseadmega-taastuvenergia-park-2\/\" rel=\"attachment wp-att-16332\"><img data-opt-id=787218389  fetchpriority=\"high\" decoding=\"async\" class=\"size-large wp-image-16332\" title=\"vial salvestusseadmega taastuvenergia park\" src=\"https:\/\/mlpeimtmgped.i.optimole.com\/w:1024\/h:768\/q:mauto\/ig:avif\/https:\/\/via3l.eu\/wp-content\/uploads\/2025\/02\/via3l-salvestusseadmega-taastuvenergia-park-2.jpeg\" alt=\"vial salvestusseadmega taastuvenergia park\" width=\"1024\" height=\"768\" srcset=\"https:\/\/mlpeimtmgped.i.optimole.com\/w:1024\/h:768\/q:mauto\/ig:avif\/https:\/\/via3l.eu\/wp-content\/uploads\/2025\/02\/via3l-salvestusseadmega-taastuvenergia-park-2.jpeg 1024w, https:\/\/mlpeimtmgped.i.optimole.com\/w:300\/h:225\/q:mauto\/ig:avif\/https:\/\/via3l.eu\/wp-content\/uploads\/2025\/02\/via3l-salvestusseadmega-taastuvenergia-park-2.jpeg 300w, https:\/\/mlpeimtmgped.i.optimole.com\/w:768\/h:576\/q:mauto\/ig:avif\/https:\/\/via3l.eu\/wp-content\/uploads\/2025\/02\/via3l-salvestusseadmega-taastuvenergia-park-2.jpeg 768w, https:\/\/mlpeimtmgped.i.optimole.com\/w:1440\/h:1080\/q:mauto\/ig:avif\/https:\/\/via3l.eu\/wp-content\/uploads\/2025\/02\/via3l-salvestusseadmega-taastuvenergia-park-2.jpeg 1536w, https:\/\/mlpeimtmgped.i.optimole.com\/w:1440\/h:1080\/q:mauto\/ig:avif\/https:\/\/via3l.eu\/wp-content\/uploads\/2025\/02\/via3l-salvestusseadmega-taastuvenergia-park-2.jpeg 1920w\" sizes=\"(max-width: 1024px) 100vw, 1024px\" \/><\/a><figcaption id=\"caption-attachment-16332\" class=\"wp-caption-text\">Su\u0308mboolsel lindil\u00f5ikamisel osalesid: Energiapartner O\u00dc projektijuht Ravo Haavik, Energiapartner O\u00dc juhatuse liige Mikk Saar, Krattrade O\u00dc tegevjuht Joosep Lassmann, Via 3L O\u00dc tegevjuht Urmas Uudemets, Via 3L O\u00dc haldusjuht Siim Eramaa ja Energiapartner O\u00dc k\u00e4idu- ja hooldusjuht Raimond Liiskmann. Foto: T\u00f5nu Tramm<\/figcaption><\/figure>\n<figure id=\"attachment_16338\" aria-describedby=\"caption-attachment-16338\" style=\"width: 1024px\" class=\"wp-caption alignleft\"><a href=\"https:\/\/via3l.eu\/et\/2025\/02\/07\/via-3l-balti-keskladu-avas-salvestusseadmega-taastuvenergia-pargi-ja-parandas-energiajulgeolekut\/default-2\/\" rel=\"attachment wp-att-16338\"><img data-opt-id=348701101  fetchpriority=\"high\" decoding=\"async\" class=\"wp-image-16338 size-large\" title=\"Via 3L p\u00e4ikesepark Lagedil\" src=\"https:\/\/mlpeimtmgped.i.optimole.com\/w:1024\/h:683\/q:mauto\/ig:avif\/https:\/\/via3l.eu\/wp-content\/uploads\/2025\/02\/via3l-logistikakeskus-paikesepark.jpg\" alt=\"via3l-logistikakeskus-paikesepark\" width=\"1024\" height=\"683\" srcset=\"https:\/\/mlpeimtmgped.i.optimole.com\/w:1024\/h:683\/q:mauto\/ig:avif\/https:\/\/via3l.eu\/wp-content\/uploads\/2025\/02\/via3l-logistikakeskus-paikesepark.jpg 1024w, https:\/\/mlpeimtmgped.i.optimole.com\/w:300\/h:200\/q:mauto\/ig:avif\/https:\/\/via3l.eu\/wp-content\/uploads\/2025\/02\/via3l-logistikakeskus-paikesepark.jpg 300w, https:\/\/mlpeimtmgped.i.optimole.com\/w:768\/h:512\/q:mauto\/ig:avif\/https:\/\/via3l.eu\/wp-content\/uploads\/2025\/02\/via3l-logistikakeskus-paikesepark.jpg 768w, https:\/\/mlpeimtmgped.i.optimole.com\/w:1536\/h:1024\/q:mauto\/ig:avif\/https:\/\/via3l.eu\/wp-content\/uploads\/2025\/02\/via3l-logistikakeskus-paikesepark.jpg 1536w, https:\/\/mlpeimtmgped.i.optimole.com\/w:255\/h:170\/q:mauto\/ig:avif\/https:\/\/via3l.eu\/wp-content\/uploads\/2025\/02\/via3l-logistikakeskus-paikesepark.jpg 255w, https:\/\/mlpeimtmgped.i.optimole.com\/w:1620\/h:1080\/q:mauto\/ig:avif\/https:\/\/via3l.eu\/wp-content\/uploads\/2025\/02\/via3l-logistikakeskus-paikesepark.jpg 1920w\" sizes=\"(max-width: 1024px) 100vw, 1024px\" \/><\/a><figcaption id=\"caption-attachment-16338\" class=\"wp-caption-text\">Logistikakeskuse katusele on paigaldatud 1280 p\u00e4ikesepaneeli koguv\u00f5imsusega \u00fcle 627kWp.<\/figcaption><\/figure>\n<p>[\/vc_column_text][\/vc_column][\/vc_row]<\/p>\n<\/div>","protected":false},"excerpt":{"rendered":"<p>[vc_row][vc_column][vc_column_text css=&#8221;&#8221;]Via 3L O\u00dc sai oma Harjumaal Lagedil asuvas logistikakompleksis valmis suure taastuvenergiaprojekti, mille l\u00e4bi v\u00e4heneb ettev\u00f5tte kogu keskkonnajalaj\u00e4lg \u00fcle 20%-i. Logistikakompleksi enda jalaj\u00e4lg v\u00e4heneb \u00fcle 60%-i. Samuti on tagatud kogu logistikakeskuse energiajulgeolek&#8230;.<\/p>\n","protected":false},"author":2,"featured_media":16332,"comment_status":"closed","ping_status":"closed","sticky":false,"template":"","format":"standard","meta":{"footnotes":""},"categories":[660],"tags":[1761],"class_list":["post-16324","post","type-post","status-publish","format-standard","has-post-thumbnail","hentry","category-eesti","tag-avalik"],"_links":{"self":[{"href":"https:\/\/via3l.eu\/et\/wp-json\/wp\/v2\/posts\/16324","targetHints":{"allow":["GET"]}}],"collection":[{"href":"https:\/\/via3l.eu\/et\/wp-json\/wp\/v2\/posts"}],"about":[{"href":"https:\/\/via3l.eu\/et\/wp-json\/wp\/v2\/types\/post"}],"author":[{"embeddable":true,"href":"https:\/\/via3l.eu\/et\/wp-json\/wp\/v2\/users\/2"}],"replies":[{"embeddable":true,"href":"https:\/\/via3l.eu\/et\/wp-json\/wp\/v2\/comments?post=16324"}],"version-history":[{"count":0,"href":"https:\/\/via3l.eu\/et\/wp-json\/wp\/v2\/posts\/16324\/revisions"}],"wp:featuredmedia":[{"embeddable":true,"href":"https:\/\/via3l.eu\/et\/wp-json\/wp\/v2\/media\/16332"}],"wp:attachment":[{"href":"https:\/\/via3l.eu\/et\/wp-json\/wp\/v2\/media?parent=16324"}],"wp:term":[{"taxonomy":"category","embeddable":true,"href":"https:\/\/via3l.eu\/et\/wp-json\/wp\/v2\/categories?post=16324"},{"taxonomy":"post_tag","embeddable":true,"href":"https:\/\/via3l.eu\/et\/wp-json\/wp\/v2\/tags?post=16324"}],"curies":[{"name":"wp","href":"https:\/\/api.w.org\/{rel}","templated":true}]}}